{"id":7753,"date":"2022-07-24T12:18:32","date_gmt":"2022-07-24T11:18:32","guid":{"rendered":"https:\/\/euromedic.rs\/pregledi\/?p=7753"},"modified":"2022-08-23T16:52:04","modified_gmt":"2022-08-23T15:52:04","slug":"najcesca-pitanja-pacijenata-za-fonijatra","status":"publish","type":"post","link":"https:\/\/euromedic.rs\/pregledi\/specijalisticki-pregledi\/najcesca-pitanja-pacijenata-za-fonijatra\/","title":{"rendered":"Naj\u010de\u0161\u0107a pitanja pacijenta za fonijatra"},"content":{"rendered":"<p><strong>1. Da li mo\u017eete da nam ka\u017eete \u0161ta je ta\u010dno fonijatrija i \u010dime se ona bavi?<\/strong><br \/>\nFonijatrija je jedna moderna grana medicine koja se bavi prevencijom,<br \/>\ndijagnostikom i terapijom poreme\u0107aja glasa i govora. Nastala je iz<br \/>\notorinolaringologije kao u\u017ea specijalizacija koja se posebno bavi poreme\u0107ajima<br \/>\nkomunikacije.<br \/>\n<strong>2. \u0160ta ta\u010dno podrazumeva poreme\u0107aj komunikacije?<\/strong><br \/>\nHumana komunikacija je socijalna interakcija razmene informacija, koja mo\u017ee<br \/>\nbiti verbalna-govor ili neverbalna-gestikulacija.<br \/>\nPoreme\u0107aj verbalne komunikacije predstavlja poreme\u0107aj glasa i govora, jezika<br \/>\ni sluha, u meri u kojoj poreme\u0107aji sluha uti\u010du na glas, govor i jezik. Preduslov<br \/>\nza dobar glas je dobar sluh.<br \/>\nCentar za le\u010denje poreme\u0107aja komunikacije se bavi re\u0161avanjem ovih problema.<br \/>\n<strong>3. Kada ljudi prepoznaju da treba da se obrate fonijatru? Koji su to simptomi ili<\/strong><br \/>\n<strong>situacije nakon kojih pacijenti potra\u017ee va\u0161u pomo\u0107?<\/strong><br \/>\nFonijatrijski pacijenti su svi oni koji imaju problem sa glasom, a nekada i sa<br \/>\ndisanjem i gutanjem, od dece pa do najstarijih. Pre svega su to vokalni<br \/>\nprofesionalci kojima je glas sredstvo za rad: glumci, peva\u010di, profesori, voditelji,<br \/>\nnovinari, menad\u017eeri&#8230;Na\u017ealost imamo sve vi\u0161e onkolo\u0161kih pacijenata.<br \/>\nPromuklost je naj\u010de\u0107e prvi simptom maligne bolesti, te se zato insistira na<br \/>\nranom otkrivanju karcinoma sa devizom da svaka promuklost du\u017ea od 2-3<br \/>\nnedelje zahteva pregled otorinolaringologa ili fonijatra.<br \/>\nGubitak glasa, kao nasavr\u0161enijeg vida komunikacije, predstavlja pravi hedikep<br \/>\nza sve ljude, a naro\u010dito za vokalne profesionalce. Tek kada ostanemo bez<br \/>\ndobrog glas postajemo svesni zna\u010daja koji glas ima za kvalitet \u017eivota.<br \/>\n<strong>4. Kako izgleda jedan pregled?<\/strong><br \/>\nFonijatrijski pregled obuhvata kompletan ORL (otorinolaringolo\u0161ki) pregled<br \/>\nuva, nosa i grla. Poseban deo pregleda je endoskopski pregled grkljana koji se<br \/>\nzove Endovideostroboskopija, a omogu\u0107ava da vidimo vibracije glasnica koje<br \/>\nstvaraju glas. Nakon toga sledi kompjuterska analiza glasa i govora.<br \/>\n<strong>5. Koje sve dijagnoze nakon pregleda postoje?<\/strong><br \/>\nOsnovna dijagnoza je zbog koje se pacijent upu\u0107uju na fonijatrijski pregled je<br \/>\npromuklost.<br \/>\nProblemi sa glasom mogu nastati zbog postojanja nekih organskih promena na<br \/>\nnivou generatora glasa-grkljana, tako da na glasnicama mo\u017eemo videti polipe,<br \/>\nciste, otoke, tumore, peva\u010dke \u010dvori\u0107e&#8230;<br \/>\nDo gubitka glasa mo\u017ee do\u0107i posle nekih stresnih situacija, kada mo\u017eemo<br \/>\n\u201cvratiti\u201c glas pacijentu ukoliko je samo psihogene prirode.<br \/>\nNeke neurolo\u0161ke bolesti mogu dovesti do poreme\u0107aja glasa i govora.<br \/>\nProblem sa glasom mo\u017ee nastati i posle nekih operacija (\u0161titne \u017elezde, karotida,<br \/>\nplu\u0107a) kada do\u0111e do paralize grkljana.<br \/>\n<strong>6. Koji su naj\u010de\u0161\u0107i poreme\u0107aji u ovoj grani medicine?<\/strong><\/p>\n<p>Promuklost je naj\u010de\u0161\u0107e uzrokovana hroni\u010dnim zapaljenskim promenama koje<br \/>\nnastaju u grkljanu zbog pu\u0161enja \u0161to mo\u017ee dovesti do nastanka najozbiljnije<br \/>\nbolesti-raka grkljana!<br \/>\nGlavni faktori rizika za nastanak karcinoma grkljana je pu\u0161enje i zloupotreba<br \/>\nalkohola. Faktori koji mogu uticati na glas su i lo\u0161i mikroklimatski uslovi,<br \/>\nalergijske manifestacije, goru\u0161ica,ka\u0161alj, o\u0161te\u0107enje sluha&#8230;<br \/>\nPromuklost mo\u017ee biti posledica preterane upotrebe glasa, nepravilne upotrebe<br \/>\nglasa i zloupotrebe glasa.<br \/>\nNa glas uti\u010de sve \u0161to se de\u0161ava sa na\u0161im organizmom, na fizi\u010dkom i psihi\u010dkom<br \/>\nnivou.<br \/>\n<strong>7. Na koji na\u010din se osobe le\u010de, kako izgledaju terapije?<\/strong><br \/>\nFonijatar treba pre svega da otkrije uzrok problema sa glasom pacijenta da bi<br \/>\nse odlu\u010dio za adekvatno le\u010denje, \u0161to zahteva jedan holisti\u010dki pristup pacijentu.<br \/>\nTerapija izbora je fonijatrijska rehabilitacija, \u0161to podrazumeva ve\u017ebe disanja i<br \/>\nprodukcije glasa, i psiholo\u0161ka obrada pacijenta. Ukoliko je potrebno<br \/>\npredla\u017eemo inhalacije, le\u010dimo infekciju, alergiju, refluksnu bolest(goru\u0161icu).<br \/>\nFonohirurgija se izvodi samo ako fonorehabilitacija nije dala zadovoljavaju\u0107e<br \/>\nrezultate, i ako posumnjamo na malignu bolest koju mo\u017eemo otkriti na\u0161im<br \/>\npregledom u ranom stadijumu.<br \/>\nPrevencija je uvek najbolja terapija. Pre svega savetujemo pacijente da ne<br \/>\npu\u0161e, vode ra\u010duna o zdravom na\u010dinu \u017eivota i neguju svoj glas.<\/p>\n<p><strong>8. Koliko traje proces le\u010denja pacijenta?<\/strong><br \/>\nZa fonijatrijski tretman mo\u017ee biti dovoljan samo jedan fonijatrijski pregled, a<br \/>\nmo\u017ee trajati i mesecima, zavisno od dijagnoze.<br \/>\nFonijatrijski pregled mo\u017ee biti i preventivan, naro\u010dito za vokalne<br \/>\nprofesionalce-peva\u010de koji treba da dodju kod nas ve\u0107 na po\u010detku muzi\u010dkog<br \/>\nobrazovanja, a zatim ih pratimo tokom karijere.<br \/>\n<strong>9. \u0160ta mislite, zbog \u010dega ve\u0107ina ljudi ne zna za ovu granu medicine?<\/strong><br \/>\nFonijatrija je kao subspecijalizacija otorinolaringologije relativno mlada grana<br \/>\nmedicine, koja kod nas nije dovoljno popularizovana. Vokalni profesionalci su<br \/>\nuglavnom upoznati sa benefitima fonijatrije, a de\u0161ava se da i drugi lekari nisu<br \/>\ndovoljno upu\u0107eni u ovu oblast.<br \/>\n<strong>10. Da li je istina da u Srbiji ima jako mali broj lekara koji se bave ovom granom<\/strong><br \/>\n<strong>medicine &#8211; fonijatrijom? Zbog \u010dega je to tako?<\/strong><br \/>\nU na\u0161oj zemlji postoji samo desetak fonijatara, a u svetu nekoliko stotina, \u0161to je<br \/>\nveoma mali broj u odnosu na populaciju. Lekar treba da bude specijalista<br \/>\nOtorinolaringologije sa iskustvom da bi zavr\u0161io i u\u017eu specijalizaciju<br \/>\nFonijatrije.<br \/>\nTradicija fonijatrijskog odseka Klinike za otorinolaringologiju i<br \/>\nmaksilofacijalnu hirurgiju, Klini\u010dkog centra Srbije duga je preko pola veka.<br \/>\nNa\u0161 osniva\u010d je Profesor dr Du\u0161an Cveji\u0107 koji je pored fonijatrije zavr\u0161io i<br \/>\nmuzi\u010dku akademiju. Fonijatrija ima svoje specifi\u010dnosti jer zahteva holisti\u010dki<br \/>\npristup pacijentu. Potrebno je biti dobar psiholog , a zna\u010dajno je i muzi\u010dko<\/p>\n<p>obrazovanje (koje neki od nas imaju) jer na osnovu boje glas mo\u017eemo da<br \/>\nprepoznamo o kom poreme\u0107aju glasa se radi.<br \/>\n<strong>11. Da li postoje ljudi koji ni ne znaju da imaju ovaj problem? Da li smatrate da<\/strong><br \/>\n<strong>javnost treba vi\u0161e da bude informisana o ovoj vrsti poreme\u0107aja?<\/strong><br \/>\nPopularizacija fonijatrije je veoma bitna da bi informisala ljude o njenim<br \/>\nmogu\u0107nostima. Dolaze nam pacijenti koji su upu\u0107eni na fonijatrijski pregled a<br \/>\nda nisu ni svesni da imaju problem sa svojim glasom.<br \/>\n<strong>12. Da li ovaj problem mo\u017ee da uti\u010de na funkcionalnost osobe u poslu i privatnom<\/strong><br \/>\n<strong>\u017eivotu?<\/strong><br \/>\nKvalitet glasa zna\u010dajno uti\u010de na kvalitet \u017eivota, a to se tek shvati kada se ostane<br \/>\nbez dobrog glasa. Dobra vest je \u0161to fonijatri uglavnom mogu da \u201epoprave<br \/>\nglas\u201c. \u010cak i na\u0161i laringektomisani pacijenti, koji su operisani zbog karcinoma<br \/>\ngrkljana, nau\u010de ezofagusni glas i govor. ( kako oni ka\u017eu glas iz stomaka).<br \/>\n<strong>13. Da li ovi poreme\u0107aji mogu potpuno da se izle\u010de ili je potrebno da pacijent<\/strong><br \/>\n<strong>obavlja redovne kontrole ili terapije i nakon izle\u010denja?<\/strong><br \/>\nFonijatrijski tretman u najve\u0107em broju slu\u010dajeva mo\u017ee \u201epopraviti\u201c ili \u201evratiti\u201c<br \/>\nglas. Ponekad su potrebne i redovne kontrole, a pacijente nau\u010dimo svim<br \/>\ntajnama dobrog glasa. Vokalni terapeuti (koji su deo fonijatrijskog tima)<br \/>\nve\u017ebaju sa pacijentima, ali mogu i sami da nau\u010de ve\u017ebe i rade kod ku\u0107e, pod<br \/>\nna\u0161om kontrolom.<br \/>\n<strong>14. Da li su \u017eene ili mu\u0161karci skloniji ovom poreme\u0107aju?<\/strong><br \/>\nProbleme sa glasom imaju i \u017eene i mu\u0161karci. Ka\u017eu da \u017eene vi\u0161e pri\u010daju, a<br \/>\nmu\u0161karci vi\u0161e konzumiraju duvan i alkohol, \u0161to ba\u0161 i nije pravilo.<br \/>\n<strong>15. Koja starosna dob je najpodlo\u017enija ovom problemu?<\/strong><br \/>\nGlas se menja od ro\u0111enja pa do starosti. U pubertetu je karaketristi\u010dna<br \/>\nmutacija glasa koja je izra\u017eenija kod de\u010daka, ali je prolaze i devoj\u010dice. Deca su<br \/>\n\u010desto promukla zbog preterane vike. Kod starijih ljudi \u010desto dolazi do<br \/>\nslabljenja glasa i sluha. Fonijatrijski pacijenti mogu biti u svim starosnim<br \/>\ndobima, po\u010dev od najmla\u0111ih pa do najstarijih.<\/p>\n<p>Doc.dr Sanja Krejovi\u0107 Trivi\u0107 je lekar specijalista otorinolaringologije i<br \/>\nsubspecijalista fonijatrije.<br \/>\nZaposlena na Klinici za otorinolaringologiju i maksilofacijalnu hirurgiju,<br \/>\nKlini\u010dkog centra Srbije od 2000.godine.<br \/>\nFonijatrijom je bavi od 2008.godine.<\/p>\n<p>Docent Medicinskog fakulteta u Beogradu.<br \/>\n\u010clan Unije Evropskih fonijatara.<br \/>\nMajka troje dece.<\/p>\n","protected":false},"excerpt":{"rendered":"<p>1. Da li mo\u017eete da nam ka\u017eete \u0161ta je ta\u010dno fonijatrija i \u010dime se ona&#8230;<\/p>\n","protected":false},"author":1,"featured_media":0,"comment_status":"closed","ping_status":"closed","sticky":false,"template":"","format":"standard","meta":{"inline_featured_image":false,"footnotes":""},"categories":[510,62],"tags":[],"class_list":["post-7753","post","type-post","status-publish","format-standard","hentry","category-otorinolaringologija-orl","category-specijalisticki-pregledi"],"yoast_head":"<!-- This site is optimized with the Yoast SEO plugin v23.2 - https:\/\/yoast.com\/wordpress\/plugins\/seo\/ -->\n<title>Naj\u010de\u0161\u0107a pitanja pacijenta za fonijatra - Euromedik<\/title>\n<meta name=\"robots\" content=\"index, follow, max-snippet:-1, max-image-preview:large, max-video-preview:-1\" \/>\n<link rel=\"canonical\" href=\"https:\/\/euromedic.rs\/pregledi\/specijalisticki-pregledi\/najcesca-pitanja-pacijenata-za-fonijatra\/\" \/>\n<meta property=\"og:locale\" content=\"sr_RS\" \/>\n<meta property=\"og:type\" content=\"article\" \/>\n<meta property=\"og:title\" content=\"Naj\u010de\u0161\u0107a pitanja pacijenta za fonijatra - Euromedik\" \/>\n<meta property=\"og:description\" content=\"1. Da li mo\u017eete da nam ka\u017eete \u0161ta je ta\u010dno fonijatrija i \u010dime se ona...\" \/>\n<meta property=\"og:url\" content=\"https:\/\/euromedic.rs\/pregledi\/specijalisticki-pregledi\/najcesca-pitanja-pacijenata-za-fonijatra\/\" \/>\n<meta property=\"og:site_name\" content=\"Euromedik\" \/>\n<meta property=\"article:published_time\" content=\"2022-07-24T11:18:32+00:00\" \/>\n<meta property=\"article:modified_time\" content=\"2022-08-23T15:52:04+00:00\" \/>\n<meta name=\"author\" content=\"euromedik\" \/>\n<meta name=\"twitter:card\" content=\"summary_large_image\" \/>\n<meta name=\"twitter:label1\" content=\"Napisano od\" \/>\n\t<meta name=\"twitter:data1\" content=\"euromedik\" \/>\n\t<meta name=\"twitter:label2\" content=\"Procenjeno vreme \u010ditanja\" \/>\n\t<meta name=\"twitter:data2\" content=\"6 minuta\" \/>\n<script type=\"application\/ld+json\" class=\"yoast-schema-graph\">{\"@context\":\"https:\/\/schema.org\",\"@graph\":[{\"@type\":\"WebPage\",\"@id\":\"https:\/\/euromedic.rs\/pregledi\/specijalisticki-pregledi\/najcesca-pitanja-pacijenata-za-fonijatra\/\",\"url\":\"https:\/\/euromedic.rs\/pregledi\/specijalisticki-pregledi\/najcesca-pitanja-pacijenata-za-fonijatra\/\",\"name\":\"Naj\u010de\u0161\u0107a pitanja pacijenta za fonijatra - Euromedik\",\"isPartOf\":{\"@id\":\"https:\/\/euromedic.rs\/pregledi\/#website\"},\"datePublished\":\"2022-07-24T11:18:32+00:00\",\"dateModified\":\"2022-08-23T15:52:04+00:00\",\"author\":{\"@id\":\"https:\/\/euromedic.rs\/pregledi\/#\/schema\/person\/f5c1c88c7fd9049309c5d203f7c9af5e\"},\"breadcrumb\":{\"@id\":\"https:\/\/euromedic.rs\/pregledi\/specijalisticki-pregledi\/najcesca-pitanja-pacijenata-za-fonijatra\/#breadcrumb\"},\"inLanguage\":\"sr-RS\",\"potentialAction\":[{\"@type\":\"ReadAction\",\"target\":[\"https:\/\/euromedic.rs\/pregledi\/specijalisticki-pregledi\/najcesca-pitanja-pacijenata-za-fonijatra\/\"]}]},{\"@type\":\"BreadcrumbList\",\"@id\":\"https:\/\/euromedic.rs\/pregledi\/specijalisticki-pregledi\/najcesca-pitanja-pacijenata-za-fonijatra\/#breadcrumb\",\"itemListElement\":[{\"@type\":\"ListItem\",\"position\":1,\"name\":\"Pregledi\",\"item\":\"https:\/\/euromedic.rs\/pregledi\/\"},{\"@type\":\"ListItem\",\"position\":2,\"name\":\"Specijalisti\u010dki pregledi\",\"item\":\"https:\/\/euromedic.rs\/pregledi\/specijalisticki-pregledi\/\"},{\"@type\":\"ListItem\",\"position\":3,\"name\":\"Naj\u010de\u0161\u0107a pitanja pacijenta za fonijatra\"}]},{\"@type\":\"WebSite\",\"@id\":\"https:\/\/euromedic.rs\/pregledi\/#website\",\"url\":\"https:\/\/euromedic.rs\/pregledi\/\",\"name\":\"Euromedik\",\"description\":\"Vi\u0161egradska, Slavija, Cviji\u0107eva, Novi Beograd, Zemun, Banovo Brdo, Vo\u017edovac. Kompletna dijagnostika. Najsavremenija oprema. Specijalisti\u010dki pregledi.\",\"potentialAction\":[{\"@type\":\"SearchAction\",\"target\":{\"@type\":\"EntryPoint\",\"urlTemplate\":\"https:\/\/euromedic.rs\/pregledi\/?s={search_term_string}\"},\"query-input\":\"required name=search_term_string\"}],\"inLanguage\":\"sr-RS\"},{\"@type\":\"Person\",\"@id\":\"https:\/\/euromedic.rs\/pregledi\/#\/schema\/person\/f5c1c88c7fd9049309c5d203f7c9af5e\",\"name\":\"euromedik\",\"image\":{\"@type\":\"ImageObject\",\"inLanguage\":\"sr-RS\",\"@id\":\"https:\/\/euromedic.rs\/pregledi\/#\/schema\/person\/image\/\",\"url\":\"https:\/\/secure.gravatar.com\/avatar\/f857e725366884936ef8843df671acda7fcecb839afb59b2dc707ceca488eccf?s=96&d=mm&r=g\",\"contentUrl\":\"https:\/\/secure.gravatar.com\/avatar\/f857e725366884936ef8843df671acda7fcecb839afb59b2dc707ceca488eccf?s=96&d=mm&r=g\",\"caption\":\"euromedik\"},\"url\":\"https:\/\/euromedic.rs\/pregledi\/author\/euromedik\/\"}]}<\/script>\n<!-- \/ Yoast SEO plugin. -->","yoast_head_json":{"title":"Naj\u010de\u0161\u0107a pitanja pacijenta za fonijatra - Euromedik","robots":{"index":"index","follow":"follow","max-snippet":"max-snippet:-1","max-image-preview":"max-image-preview:large","max-video-preview":"max-video-preview:-1"},"canonical":"https:\/\/euromedic.rs\/pregledi\/specijalisticki-pregledi\/najcesca-pitanja-pacijenata-za-fonijatra\/","og_locale":"sr_RS","og_type":"article","og_title":"Naj\u010de\u0161\u0107a pitanja pacijenta za fonijatra - Euromedik","og_description":"1. Da li mo\u017eete da nam ka\u017eete \u0161ta je ta\u010dno fonijatrija i \u010dime se ona...","og_url":"https:\/\/euromedic.rs\/pregledi\/specijalisticki-pregledi\/najcesca-pitanja-pacijenata-za-fonijatra\/","og_site_name":"Euromedik","article_published_time":"2022-07-24T11:18:32+00:00","article_modified_time":"2022-08-23T15:52:04+00:00","author":"euromedik","twitter_card":"summary_large_image","twitter_misc":{"Napisano od":"euromedik","Procenjeno vreme \u010ditanja":"6 minuta"},"schema":{"@context":"https:\/\/schema.org","@graph":[{"@type":"WebPage","@id":"https:\/\/euromedic.rs\/pregledi\/specijalisticki-pregledi\/najcesca-pitanja-pacijenata-za-fonijatra\/","url":"https:\/\/euromedic.rs\/pregledi\/specijalisticki-pregledi\/najcesca-pitanja-pacijenata-za-fonijatra\/","name":"Naj\u010de\u0161\u0107a pitanja pacijenta za fonijatra - Euromedik","isPartOf":{"@id":"https:\/\/euromedic.rs\/pregledi\/#website"},"datePublished":"2022-07-24T11:18:32+00:00","dateModified":"2022-08-23T15:52:04+00:00","author":{"@id":"https:\/\/euromedic.rs\/pregledi\/#\/schema\/person\/f5c1c88c7fd9049309c5d203f7c9af5e"},"breadcrumb":{"@id":"https:\/\/euromedic.rs\/pregledi\/specijalisticki-pregledi\/najcesca-pitanja-pacijenata-za-fonijatra\/#breadcrumb"},"inLanguage":"sr-RS","potentialAction":[{"@type":"ReadAction","target":["https:\/\/euromedic.rs\/pregledi\/specijalisticki-pregledi\/najcesca-pitanja-pacijenata-za-fonijatra\/"]}]},{"@type":"BreadcrumbList","@id":"https:\/\/euromedic.rs\/pregledi\/specijalisticki-pregledi\/najcesca-pitanja-pacijenata-za-fonijatra\/#breadcrumb","itemListElement":[{"@type":"ListItem","position":1,"name":"Pregledi","item":"https:\/\/euromedic.rs\/pregledi\/"},{"@type":"ListItem","position":2,"name":"Specijalisti\u010dki pregledi","item":"https:\/\/euromedic.rs\/pregledi\/specijalisticki-pregledi\/"},{"@type":"ListItem","position":3,"name":"Naj\u010de\u0161\u0107a pitanja pacijenta za fonijatra"}]},{"@type":"WebSite","@id":"https:\/\/euromedic.rs\/pregledi\/#website","url":"https:\/\/euromedic.rs\/pregledi\/","name":"Euromedik","description":"Vi\u0161egradska, Slavija, Cviji\u0107eva, Novi Beograd, Zemun, Banovo Brdo, Vo\u017edovac. Kompletna dijagnostika. Najsavremenija oprema. Specijalisti\u010dki pregledi.","potentialAction":[{"@type":"SearchAction","target":{"@type":"EntryPoint","urlTemplate":"https:\/\/euromedic.rs\/pregledi\/?s={search_term_string}"},"query-input":"required name=search_term_string"}],"inLanguage":"sr-RS"},{"@type":"Person","@id":"https:\/\/euromedic.rs\/pregledi\/#\/schema\/person\/f5c1c88c7fd9049309c5d203f7c9af5e","name":"euromedik","image":{"@type":"ImageObject","inLanguage":"sr-RS","@id":"https:\/\/euromedic.rs\/pregledi\/#\/schema\/person\/image\/","url":"https:\/\/secure.gravatar.com\/avatar\/f857e725366884936ef8843df671acda7fcecb839afb59b2dc707ceca488eccf?s=96&d=mm&r=g","contentUrl":"https:\/\/secure.gravatar.com\/avatar\/f857e725366884936ef8843df671acda7fcecb839afb59b2dc707ceca488eccf?s=96&d=mm&r=g","caption":"euromedik"},"url":"https:\/\/euromedic.rs\/pregledi\/author\/euromedik\/"}]}},"_links":{"self":[{"href":"https:\/\/euromedic.rs\/pregledi\/wp-json\/wp\/v2\/posts\/7753","targetHints":{"allow":["GET"]}}],"collection":[{"href":"https:\/\/euromedic.rs\/pregledi\/wp-json\/wp\/v2\/posts"}],"about":[{"href":"https:\/\/euromedic.rs\/pregledi\/wp-json\/wp\/v2\/types\/post"}],"author":[{"embeddable":true,"href":"https:\/\/euromedic.rs\/pregledi\/wp-json\/wp\/v2\/users\/1"}],"replies":[{"embeddable":true,"href":"https:\/\/euromedic.rs\/pregledi\/wp-json\/wp\/v2\/comments?post=7753"}],"version-history":[{"count":3,"href":"https:\/\/euromedic.rs\/pregledi\/wp-json\/wp\/v2\/posts\/7753\/revisions"}],"predecessor-version":[{"id":7841,"href":"https:\/\/euromedic.rs\/pregledi\/wp-json\/wp\/v2\/posts\/7753\/revisions\/7841"}],"wp:attachment":[{"href":"https:\/\/euromedic.rs\/pregledi\/wp-json\/wp\/v2\/media?parent=7753"}],"wp:term":[{"taxonomy":"category","embeddable":true,"href":"https:\/\/euromedic.rs\/pregledi\/wp-json\/wp\/v2\/categories?post=7753"},{"taxonomy":"post_tag","embeddable":true,"href":"https:\/\/euromedic.rs\/pregledi\/wp-json\/wp\/v2\/tags?post=7753"}],"curies":[{"name":"wp","href":"https:\/\/api.w.org\/{rel}","templated":true}]}}