{"id":6210,"date":"2020-05-14T14:17:51","date_gmt":"2020-05-14T13:17:51","guid":{"rendered":"https:\/\/euromedic.rs\/pregledi\/psihijatrija-psihologija-konstruktivna-psihijatrija-copy\/"},"modified":"2020-10-07T10:47:15","modified_gmt":"2020-10-07T09:47:15","slug":"psihijatrija-psihologija-rad-psihijatra-u-timu-sa-neurologom","status":"publish","type":"post","link":"https:\/\/euromedic.rs\/pregledi\/specijalisticki-pregledi\/psihijatrija\/psihijatrija-psihologija-rad-psihijatra-u-timu-sa-neurologom\/","title":{"rendered":"Psihijatrija\/psihologija &#8211; Rad psihijatra u timu sa neurologom"},"content":{"rendered":"<p><span style=\"font-weight: 400;\">Naj\u010de\u0161\u0107a stanja timskog rada <a href=\"https:\/\/euromedic.rs\/usluge\/psihijatrija\/\">psihijatra<\/a> i neurologa u \u201cEuromedik-u\u201d su:<\/span><\/p>\n<p><span style=\"font-weight: 400;\">a)<\/span> <span style=\"font-weight: 400;\">Demencije \u2013 akcenat na ranom prepoznavanja\u00a0 poreme\u0107aja pam\u0107enja, ranih faza demencije naro\u010dito Alchajmerovog tipa. Dijagnostikovanje i le\u010denje depresija starijih osoba kao nezavisnog faktor rizika za demenciju Aclhajmerovog tipa, dostupnost\u00a0 najsavremenijih dijagnosti\u010dkih procedura \u2013 skener i magnetna rezonanca mozga) u saradnji sa na\u0161im timom radiologa. Le\u010denje\u00a0 psihijatrijskih manifestacija\u00a0 demencija kao \u0161to su nesanice, strahovi, agresivna pona\u0161anja, psihoze. Posebno je zna\u010dajno le\u010denje psihoze kod dementnih pacijenata, koja se ispoljava zna\u010dajnom izmenom u pona\u0161anju pacijenta, postojanjem sumanutih ideja (\u201dproganjanja\u201d, \u201cljubomore i neverstva\u201d), kao i halucinacija (\u201dglasova\u201d i stanja kada \u201cvide osobe, razli\u010dite \u017eivotinje\u201d u praznoj sobi), verbalne i fizi\u010dke agresije, besciljnih lutanja. U procesu le\u010denja zna\u010dajno je pra\u0107enje interakcija lekova i\u00a0 kontrolnih pregleda \u2013 pra\u0107enje efekata terapije, rad sa \u010dlanovima porodice \u2013 negovatelji dementnih pacijentata kod kojih dolazi do razvoja depresije, anksioznosti i sindroma sagorevanja.<\/span><\/p>\n<p><span style=\"font-weight: 400;\">b)<\/span> <span style=\"font-weight: 400;\">Stanja nakon \u201c\u0161loga\u201d odnosno cerebrovaskularnih bolesti, kada pacijent ispoljava anksioznost &#8211; strahove, nesanicu, depresiju, bezvoljnost, psihozu, maniju.<\/span><\/p>\n<p><span style=\"font-weight: 400;\">c)<\/span> <span style=\"font-weight: 400;\">Parkinsonova bolest sa nagla\u0161enom depresijom, psihozom i demencijom<\/span><\/p>\n<p><span style=\"font-weight: 400;\">d)<\/span> <span style=\"font-weight: 400;\">Stanja nakon povreda mozga\u00a0 sa prisutnim tegobama\u00a0 poput emocionalna nestabilnost, nesanica, psihoze, impulsivnoste)<\/span> <span style=\"font-weight: 400;\">Multipla skleroza i ispoljenim manijom, hipomanijom i depresijom<\/span><\/p>\n<p><span style=\"font-weight: 400;\">f)<\/span> <span style=\"font-weight: 400;\">Vrtoglavice koje su udru\u017eene sa pani\u010dnim napadima kod zna\u010dajnog broja pacijenata.<\/span><\/p>\n<p><span style=\"font-weight: 400;\">\u201cEuromedik\u201d odlikuje visoka stru\u010dnost kadra, dostupnost savremene dijagnostike, po\u0161tovanje protokola le\u010denja i iskrena posve\u0107enost u radu sa na\u0161im pacijentima.<\/span><\/p>\n<p>&nbsp;<\/p>\n","protected":false},"excerpt":{"rendered":"<p>Naj\u010de\u0161\u0107a stanja timskog rada psihijatra i neurologa u \u201cEuromedik-u\u201d su: a) Demencije \u2013 akcenat na&#8230;<\/p>\n","protected":false},"author":1,"featured_media":6212,"comment_status":"closed","ping_status":"closed","sticky":false,"template":"","format":"standard","meta":{"inline_featured_image":false,"footnotes":""},"categories":[489],"tags":[295,332,330],"class_list":["post-6210","post","type-post","status-publish","format-standard","has-post-thumbnail","hentry","category-psihijatrija","tag-neurologija","tag-psihijatrija","tag-psihologija"],"yoast_head":"<!-- This site is optimized with the Yoast SEO plugin v23.2 - https:\/\/yoast.com\/wordpress\/plugins\/seo\/ -->\n<title>Psihijatrija\/psihologija - Rad psihijatra u timu sa neurologom<\/title>\n<meta name=\"description\" content=\"Naj\u010de\u0161\u0107a stanja timskog rada psihijatra i neurologa u \u201cEuromedik-u\u201d su: a) Demencije \u2013 akcenat na ranom prepoznavanja\u00a0poreme\u0107aja pam\u0107enja, ranih faza...\" \/>\n<meta name=\"robots\" content=\"index, follow, max-snippet:-1, max-image-preview:large, max-video-preview:-1\" \/>\n<link rel=\"canonical\" href=\"https:\/\/euromedic.rs\/pregledi\/specijalisticki-pregledi\/psihijatrija\/psihijatrija-psihologija-rad-psihijatra-u-timu-sa-neurologom\/\" \/>\n<meta property=\"og:locale\" content=\"sr_RS\" \/>\n<meta property=\"og:type\" content=\"article\" \/>\n<meta property=\"og:title\" content=\"Psihijatrija\/psihologija - Rad psihijatra u timu sa neurologom\" \/>\n<meta property=\"og:description\" content=\"Naj\u010de\u0161\u0107a stanja timskog rada psihijatra i neurologa u \u201cEuromedik-u\u201d su: a) Demencije \u2013 akcenat na ranom prepoznavanja\u00a0poreme\u0107aja pam\u0107enja, ranih faza...\" \/>\n<meta property=\"og:url\" content=\"https:\/\/euromedic.rs\/pregledi\/specijalisticki-pregledi\/psihijatrija\/psihijatrija-psihologija-rad-psihijatra-u-timu-sa-neurologom\/\" \/>\n<meta property=\"og:site_name\" content=\"Euromedik\" \/>\n<meta property=\"article:published_time\" content=\"2020-05-14T13:17:51+00:00\" \/>\n<meta property=\"article:modified_time\" content=\"2020-10-07T09:47:15+00:00\" \/>\n<meta property=\"og:image\" content=\"https:\/\/euromedic.rs\/pregledi\/wp-content\/uploads\/2020\/05\/Doktori.jpg\" \/>\n\t<meta property=\"og:image:width\" content=\"626\" \/>\n\t<meta property=\"og:image:height\" content=\"417\" \/>\n\t<meta property=\"og:image:type\" content=\"image\/jpeg\" \/>\n<meta name=\"author\" content=\"euromedik\" \/>\n<meta name=\"twitter:card\" content=\"summary_large_image\" \/>\n<meta name=\"twitter:label1\" content=\"Napisano od\" \/>\n\t<meta name=\"twitter:data1\" content=\"euromedik\" \/>\n\t<meta name=\"twitter:label2\" content=\"Procenjeno vreme \u010ditanja\" \/>\n\t<meta name=\"twitter:data2\" content=\"1 minut\" \/>\n<script type=\"application\/ld+json\" class=\"yoast-schema-graph\">{\"@context\":\"https:\/\/schema.org\",\"@graph\":[{\"@type\":\"WebPage\",\"@id\":\"https:\/\/euromedic.rs\/pregledi\/specijalisticki-pregledi\/psihijatrija\/psihijatrija-psihologija-rad-psihijatra-u-timu-sa-neurologom\/\",\"url\":\"https:\/\/euromedic.rs\/pregledi\/specijalisticki-pregledi\/psihijatrija\/psihijatrija-psihologija-rad-psihijatra-u-timu-sa-neurologom\/\",\"name\":\"Psihijatrija\/psihologija - Rad psihijatra u timu sa neurologom\",\"isPartOf\":{\"@id\":\"https:\/\/euromedic.rs\/pregledi\/#website\"},\"primaryImageOfPage\":{\"@id\":\"https:\/\/euromedic.rs\/pregledi\/specijalisticki-pregledi\/psihijatrija\/psihijatrija-psihologija-rad-psihijatra-u-timu-sa-neurologom\/#primaryimage\"},\"image\":{\"@id\":\"https:\/\/euromedic.rs\/pregledi\/specijalisticki-pregledi\/psihijatrija\/psihijatrija-psihologija-rad-psihijatra-u-timu-sa-neurologom\/#primaryimage\"},\"thumbnailUrl\":\"https:\/\/euromedic.rs\/pregledi\/wp-content\/uploads\/2020\/05\/Doktori.jpg\",\"datePublished\":\"2020-05-14T13:17:51+00:00\",\"dateModified\":\"2020-10-07T09:47:15+00:00\",\"author\":{\"@id\":\"https:\/\/euromedic.rs\/pregledi\/#\/schema\/person\/f5c1c88c7fd9049309c5d203f7c9af5e\"},\"description\":\"Naj\u010de\u0161\u0107a stanja timskog rada psihijatra i neurologa u \u201cEuromedik-u\u201d su: a) Demencije \u2013 akcenat na ranom prepoznavanja\u00a0poreme\u0107aja pam\u0107enja, ranih faza...\",\"breadcrumb\":{\"@id\":\"https:\/\/euromedic.rs\/pregledi\/specijalisticki-pregledi\/psihijatrija\/psihijatrija-psihologija-rad-psihijatra-u-timu-sa-neurologom\/#breadcrumb\"},\"inLanguage\":\"sr-RS\",\"potentialAction\":[{\"@type\":\"ReadAction\",\"target\":[\"https:\/\/euromedic.rs\/pregledi\/specijalisticki-pregledi\/psihijatrija\/psihijatrija-psihologija-rad-psihijatra-u-timu-sa-neurologom\/\"]}]},{\"@type\":\"ImageObject\",\"inLanguage\":\"sr-RS\",\"@id\":\"https:\/\/euromedic.rs\/pregledi\/specijalisticki-pregledi\/psihijatrija\/psihijatrija-psihologija-rad-psihijatra-u-timu-sa-neurologom\/#primaryimage\",\"url\":\"https:\/\/euromedic.rs\/pregledi\/wp-content\/uploads\/2020\/05\/Doktori.jpg\",\"contentUrl\":\"https:\/\/euromedic.rs\/pregledi\/wp-content\/uploads\/2020\/05\/Doktori.jpg\",\"width\":626,\"height\":417},{\"@type\":\"BreadcrumbList\",\"@id\":\"https:\/\/euromedic.rs\/pregledi\/specijalisticki-pregledi\/psihijatrija\/psihijatrija-psihologija-rad-psihijatra-u-timu-sa-neurologom\/#breadcrumb\",\"itemListElement\":[{\"@type\":\"ListItem\",\"position\":1,\"name\":\"Pregledi\",\"item\":\"https:\/\/euromedic.rs\/pregledi\/\"},{\"@type\":\"ListItem\",\"position\":2,\"name\":\"Specijalisti\u010dki pregledi\",\"item\":\"https:\/\/euromedic.rs\/pregledi\/specijalisticki-pregledi\/\"},{\"@type\":\"ListItem\",\"position\":3,\"name\":\"Psihijatrija\",\"item\":\"https:\/\/euromedic.rs\/pregledi\/specijalisticki-pregledi\/psihijatrija\/\"},{\"@type\":\"ListItem\",\"position\":4,\"name\":\"Psihijatrija\/psihologija \u2013 Rad psihijatra u timu sa neurologom\"}]},{\"@type\":\"WebSite\",\"@id\":\"https:\/\/euromedic.rs\/pregledi\/#website\",\"url\":\"https:\/\/euromedic.rs\/pregledi\/\",\"name\":\"Euromedik\",\"description\":\"Vi\u0161egradska, Slavija, Cviji\u0107eva, Novi Beograd, Zemun, Banovo Brdo, Vo\u017edovac. Kompletna dijagnostika. Najsavremenija oprema. Specijalisti\u010dki pregledi.\",\"potentialAction\":[{\"@type\":\"SearchAction\",\"target\":{\"@type\":\"EntryPoint\",\"urlTemplate\":\"https:\/\/euromedic.rs\/pregledi\/?s={search_term_string}\"},\"query-input\":\"required name=search_term_string\"}],\"inLanguage\":\"sr-RS\"},{\"@type\":\"Person\",\"@id\":\"https:\/\/euromedic.rs\/pregledi\/#\/schema\/person\/f5c1c88c7fd9049309c5d203f7c9af5e\",\"name\":\"euromedik\",\"image\":{\"@type\":\"ImageObject\",\"inLanguage\":\"sr-RS\",\"@id\":\"https:\/\/euromedic.rs\/pregledi\/#\/schema\/person\/image\/\",\"url\":\"https:\/\/secure.gravatar.com\/avatar\/f857e725366884936ef8843df671acda7fcecb839afb59b2dc707ceca488eccf?s=96&d=mm&r=g\",\"contentUrl\":\"https:\/\/secure.gravatar.com\/avatar\/f857e725366884936ef8843df671acda7fcecb839afb59b2dc707ceca488eccf?s=96&d=mm&r=g\",\"caption\":\"euromedik\"},\"url\":\"https:\/\/euromedic.rs\/pregledi\/author\/euromedik\/\"}]}<\/script>\n<!-- \/ Yoast SEO plugin. -->","yoast_head_json":{"title":"Psihijatrija\/psihologija - Rad psihijatra u timu sa neurologom","description":"Naj\u010de\u0161\u0107a stanja timskog rada psihijatra i neurologa u \u201cEuromedik-u\u201d su: a) Demencije \u2013 akcenat na ranom prepoznavanja\u00a0poreme\u0107aja pam\u0107enja, ranih faza...","robots":{"index":"index","follow":"follow","max-snippet":"max-snippet:-1","max-image-preview":"max-image-preview:large","max-video-preview":"max-video-preview:-1"},"canonical":"https:\/\/euromedic.rs\/pregledi\/specijalisticki-pregledi\/psihijatrija\/psihijatrija-psihologija-rad-psihijatra-u-timu-sa-neurologom\/","og_locale":"sr_RS","og_type":"article","og_title":"Psihijatrija\/psihologija - Rad psihijatra u timu sa neurologom","og_description":"Naj\u010de\u0161\u0107a stanja timskog rada psihijatra i neurologa u \u201cEuromedik-u\u201d su: a) Demencije \u2013 akcenat na ranom prepoznavanja\u00a0poreme\u0107aja pam\u0107enja, ranih faza...","og_url":"https:\/\/euromedic.rs\/pregledi\/specijalisticki-pregledi\/psihijatrija\/psihijatrija-psihologija-rad-psihijatra-u-timu-sa-neurologom\/","og_site_name":"Euromedik","article_published_time":"2020-05-14T13:17:51+00:00","article_modified_time":"2020-10-07T09:47:15+00:00","og_image":[{"width":626,"height":417,"url":"https:\/\/euromedic.rs\/pregledi\/wp-content\/uploads\/2020\/05\/Doktori.jpg","type":"image\/jpeg"}],"author":"euromedik","twitter_card":"summary_large_image","twitter_misc":{"Napisano od":"euromedik","Procenjeno vreme \u010ditanja":"1 minut"},"schema":{"@context":"https:\/\/schema.org","@graph":[{"@type":"WebPage","@id":"https:\/\/euromedic.rs\/pregledi\/specijalisticki-pregledi\/psihijatrija\/psihijatrija-psihologija-rad-psihijatra-u-timu-sa-neurologom\/","url":"https:\/\/euromedic.rs\/pregledi\/specijalisticki-pregledi\/psihijatrija\/psihijatrija-psihologija-rad-psihijatra-u-timu-sa-neurologom\/","name":"Psihijatrija\/psihologija - Rad psihijatra u timu sa neurologom","isPartOf":{"@id":"https:\/\/euromedic.rs\/pregledi\/#website"},"primaryImageOfPage":{"@id":"https:\/\/euromedic.rs\/pregledi\/specijalisticki-pregledi\/psihijatrija\/psihijatrija-psihologija-rad-psihijatra-u-timu-sa-neurologom\/#primaryimage"},"image":{"@id":"https:\/\/euromedic.rs\/pregledi\/specijalisticki-pregledi\/psihijatrija\/psihijatrija-psihologija-rad-psihijatra-u-timu-sa-neurologom\/#primaryimage"},"thumbnailUrl":"https:\/\/euromedic.rs\/pregledi\/wp-content\/uploads\/2020\/05\/Doktori.jpg","datePublished":"2020-05-14T13:17:51+00:00","dateModified":"2020-10-07T09:47:15+00:00","author":{"@id":"https:\/\/euromedic.rs\/pregledi\/#\/schema\/person\/f5c1c88c7fd9049309c5d203f7c9af5e"},"description":"Naj\u010de\u0161\u0107a stanja timskog rada psihijatra i neurologa u \u201cEuromedik-u\u201d su: a) Demencije \u2013 akcenat na ranom prepoznavanja\u00a0poreme\u0107aja pam\u0107enja, ranih faza...","breadcrumb":{"@id":"https:\/\/euromedic.rs\/pregledi\/specijalisticki-pregledi\/psihijatrija\/psihijatrija-psihologija-rad-psihijatra-u-timu-sa-neurologom\/#breadcrumb"},"inLanguage":"sr-RS","potentialAction":[{"@type":"ReadAction","target":["https:\/\/euromedic.rs\/pregledi\/specijalisticki-pregledi\/psihijatrija\/psihijatrija-psihologija-rad-psihijatra-u-timu-sa-neurologom\/"]}]},{"@type":"ImageObject","inLanguage":"sr-RS","@id":"https:\/\/euromedic.rs\/pregledi\/specijalisticki-pregledi\/psihijatrija\/psihijatrija-psihologija-rad-psihijatra-u-timu-sa-neurologom\/#primaryimage","url":"https:\/\/euromedic.rs\/pregledi\/wp-content\/uploads\/2020\/05\/Doktori.jpg","contentUrl":"https:\/\/euromedic.rs\/pregledi\/wp-content\/uploads\/2020\/05\/Doktori.jpg","width":626,"height":417},{"@type":"BreadcrumbList","@id":"https:\/\/euromedic.rs\/pregledi\/specijalisticki-pregledi\/psihijatrija\/psihijatrija-psihologija-rad-psihijatra-u-timu-sa-neurologom\/#breadcrumb","itemListElement":[{"@type":"ListItem","position":1,"name":"Pregledi","item":"https:\/\/euromedic.rs\/pregledi\/"},{"@type":"ListItem","position":2,"name":"Specijalisti\u010dki pregledi","item":"https:\/\/euromedic.rs\/pregledi\/specijalisticki-pregledi\/"},{"@type":"ListItem","position":3,"name":"Psihijatrija","item":"https:\/\/euromedic.rs\/pregledi\/specijalisticki-pregledi\/psihijatrija\/"},{"@type":"ListItem","position":4,"name":"Psihijatrija\/psihologija \u2013 Rad psihijatra u timu sa neurologom"}]},{"@type":"WebSite","@id":"https:\/\/euromedic.rs\/pregledi\/#website","url":"https:\/\/euromedic.rs\/pregledi\/","name":"Euromedik","description":"Vi\u0161egradska, Slavija, Cviji\u0107eva, Novi Beograd, Zemun, Banovo Brdo, Vo\u017edovac. Kompletna dijagnostika. Najsavremenija oprema. Specijalisti\u010dki pregledi.","potentialAction":[{"@type":"SearchAction","target":{"@type":"EntryPoint","urlTemplate":"https:\/\/euromedic.rs\/pregledi\/?s={search_term_string}"},"query-input":"required name=search_term_string"}],"inLanguage":"sr-RS"},{"@type":"Person","@id":"https:\/\/euromedic.rs\/pregledi\/#\/schema\/person\/f5c1c88c7fd9049309c5d203f7c9af5e","name":"euromedik","image":{"@type":"ImageObject","inLanguage":"sr-RS","@id":"https:\/\/euromedic.rs\/pregledi\/#\/schema\/person\/image\/","url":"https:\/\/secure.gravatar.com\/avatar\/f857e725366884936ef8843df671acda7fcecb839afb59b2dc707ceca488eccf?s=96&d=mm&r=g","contentUrl":"https:\/\/secure.gravatar.com\/avatar\/f857e725366884936ef8843df671acda7fcecb839afb59b2dc707ceca488eccf?s=96&d=mm&r=g","caption":"euromedik"},"url":"https:\/\/euromedic.rs\/pregledi\/author\/euromedik\/"}]}},"_links":{"self":[{"href":"https:\/\/euromedic.rs\/pregledi\/wp-json\/wp\/v2\/posts\/6210","targetHints":{"allow":["GET"]}}],"collection":[{"href":"https:\/\/euromedic.rs\/pregledi\/wp-json\/wp\/v2\/posts"}],"about":[{"href":"https:\/\/euromedic.rs\/pregledi\/wp-json\/wp\/v2\/types\/post"}],"author":[{"embeddable":true,"href":"https:\/\/euromedic.rs\/pregledi\/wp-json\/wp\/v2\/users\/1"}],"replies":[{"embeddable":true,"href":"https:\/\/euromedic.rs\/pregledi\/wp-json\/wp\/v2\/comments?post=6210"}],"version-history":[{"count":2,"href":"https:\/\/euromedic.rs\/pregledi\/wp-json\/wp\/v2\/posts\/6210\/revisions"}],"predecessor-version":[{"id":6213,"href":"https:\/\/euromedic.rs\/pregledi\/wp-json\/wp\/v2\/posts\/6210\/revisions\/6213"}],"wp:featuredmedia":[{"embeddable":true,"href":"https:\/\/euromedic.rs\/pregledi\/wp-json\/wp\/v2\/media\/6212"}],"wp:attachment":[{"href":"https:\/\/euromedic.rs\/pregledi\/wp-json\/wp\/v2\/media?parent=6210"}],"wp:term":[{"taxonomy":"category","embeddable":true,"href":"https:\/\/euromedic.rs\/pregledi\/wp-json\/wp\/v2\/categories?post=6210"},{"taxonomy":"post_tag","embeddable":true,"href":"https:\/\/euromedic.rs\/pregledi\/wp-json\/wp\/v2\/tags?post=6210"}],"curies":[{"name":"wp","href":"https:\/\/api.w.org\/{rel}","templated":true}]}}