{"id":6084,"date":"2020-05-13T12:28:13","date_gmt":"2020-05-13T11:28:13","guid":{"rendered":"https:\/\/euromedic.rs\/pregledi\/pedijatrija-melanom-kod-dece-copy\/"},"modified":"2020-10-07T10:49:25","modified_gmt":"2020-10-07T09:49:25","slug":"pedijatrija-aerozagadjenje-i-astma","status":"publish","type":"post","link":"https:\/\/euromedic.rs\/pregledi\/specijalisticki-pregledi\/pedijatrija\/pedijatrija-aerozagadjenje-i-astma\/","title":{"rendered":"Pedijatrija &#8211; Aerozaga\u0111enje i astma"},"content":{"rendered":"<p><span style=\"font-weight: 400;\"><strong>Astma<\/strong> je naj\u010de\u0161\u0107a hroni\u010dna bolest de\u010djeg uzrasta i u stalnom je porastu. Brojni faktori rizika (aerozaga\u0111enje, duvanski dim, poleni, klima, virusne infekcije) su odgovorni za razvoj astme kod geneteski predisponiranih osoba. Zaga\u0111enje vazduha na otvorenom prostoru je globalni ekolo\u0161ki problem i predstavlja veliku brigu za zdravlje \u017eivotne okoline. Respiratorni sistem je posebno osetljiv na aerozaga\u0111enje, posebno respiratorni sistem dece. Na mogu\u0107i uticaj aerozaga\u0111enja na astmu ukazao je \u010duveni jevrejski lekar Moses Maimonides 1198. u svojoj knjizi \u201eRasprava o astmi\u201c. Poznati englkeski lekar Henry Hide Salter je u svojoj knjizi \u201eAstma-patologija i le\u010denje\u201c 1880. povezao astmu sa aerozaga\u0111enjem. Brojne epidemiolo\u0161ke studije su povezale aerozaga\u0111enje sa pojavom respiratornih simptoma i pokazale da su deca znatno osetljivija na \u0161tetne uticaje aerozaga\u0111enja, posebno deca sklona astmi. Po podacima Svetske zdravstvene organizacije od posledica aerozaga\u0111enja u svetu je umrlo u 2018 g.\u00a0 600.000 dece starosti do 15 godina, od toga 543.000 mla\u0111e od 5 godina. Aerozaga\u0111enje ima direktan iritiraju\u0107i i upalni efekat na respiratorni epitel i neuroreceptore u disajnim putevima, \u0161to kod genetski predisponiranih osoba izaziva hiperreaktivnost bronha, oksidativni stres, menja imunolo\u0161ki odgovor, uzrokuje inflamaciju i remodelovanje disajnih puteva. Op\u0161te je prihva\u0107eno da aerozaga\u0111enje mo\u017ee pogor\u0161ati astmu kod osoba koje je imaju, ali manje je poznato da aerozaga\u0111enje mo\u017ee doprineti nastanku novih slu\u010dajeva astme. Istra\u017eivanja pokazuju da aerozaga\u0111enje ima direktan uticaj na polene tako \u0161to menja fizi\u010dke i hemijske osobine polena i modifikuje njihove biolo\u0161ke osobine i uz pomo\u0107 UV zra\u010denja uti\u010de na alergogenost polena \u0161to pove\u0107ava potencijalnu opastnost po zdravlje dece sklone astmi. Istra\u017eivanja su pokazala da astma nastala pod uticajem aerozaga\u0111enja slabije reaguje na standardnu terapiju \u0161to ote\u017eava le\u010denje. Ve\u0107ina studija ukazuju da je aerozaga\u0111enje vode\u0107i i nezaobilazan faktor u aktivaciji akutnog napada astme u odnosu na druge faktore rizika, posebno kod dece pred\u0161kolskog uzrasta.\u00a0\u00a0<\/span><\/p>\n<p>&nbsp;<\/p>\n","protected":false},"excerpt":{"rendered":"<p>Astma je naj\u010de\u0161\u0107a hroni\u010dna bolest de\u010djeg uzrasta i u stalnom je porastu. Brojni faktori rizika&#8230;<\/p>\n","protected":false},"author":1,"featured_media":6086,"comment_status":"closed","ping_status":"closed","sticky":false,"template":"","format":"standard","meta":{"inline_featured_image":false,"footnotes":""},"categories":[488],"tags":[328,326,324],"class_list":["post-6084","post","type-post","status-publish","format-standard","has-post-thumbnail","hentry","category-pedijatrija","tag-aerozagadjenje","tag-astma","tag-pedijatrija"],"yoast_head":"<!-- This site is optimized with the Yoast SEO plugin v23.2 - https:\/\/yoast.com\/wordpress\/plugins\/seo\/ -->\n<title>Pedijatrija - Aerozaga\u0111enje i astma - Dijagnostika i le\u010denje<\/title>\n<meta name=\"description\" content=\"Astma je naj\u010de\u0161\u0107a hroni\u010dna bolest de\u010djeg uzrasta i u stalnom je porastu. Brojni faktori rizika (aerozaga\u0111enje, duvanski dim, poleni, klima, virusne...\" \/>\n<meta name=\"robots\" content=\"index, follow, max-snippet:-1, max-image-preview:large, max-video-preview:-1\" \/>\n<link rel=\"canonical\" href=\"https:\/\/euromedic.rs\/pregledi\/specijalisticki-pregledi\/pedijatrija\/pedijatrija-aerozagadjenje-i-astma\/\" \/>\n<meta property=\"og:locale\" content=\"sr_RS\" \/>\n<meta property=\"og:type\" content=\"article\" \/>\n<meta property=\"og:title\" content=\"Pedijatrija - Aerozaga\u0111enje i astma - Dijagnostika i le\u010denje\" \/>\n<meta property=\"og:description\" content=\"Astma je naj\u010de\u0161\u0107a hroni\u010dna bolest de\u010djeg uzrasta i u stalnom je porastu. Brojni faktori rizika (aerozaga\u0111enje, duvanski dim, poleni, klima, virusne...\" \/>\n<meta property=\"og:url\" content=\"https:\/\/euromedic.rs\/pregledi\/specijalisticki-pregledi\/pedijatrija\/pedijatrija-aerozagadjenje-i-astma\/\" \/>\n<meta property=\"og:site_name\" content=\"Euromedik\" \/>\n<meta property=\"article:published_time\" content=\"2020-05-13T11:28:13+00:00\" \/>\n<meta property=\"article:modified_time\" content=\"2020-10-07T09:49:25+00:00\" \/>\n<meta property=\"og:image\" content=\"https:\/\/euromedic.rs\/pregledi\/wp-content\/uploads\/2020\/05\/Astma.jpg\" \/>\n\t<meta property=\"og:image:width\" content=\"626\" \/>\n\t<meta property=\"og:image:height\" content=\"417\" \/>\n\t<meta property=\"og:image:type\" content=\"image\/jpeg\" \/>\n<meta name=\"author\" content=\"euromedik\" \/>\n<meta name=\"twitter:card\" content=\"summary_large_image\" \/>\n<meta name=\"twitter:label1\" content=\"\u041d\u0430\u043f\u0438\u0441\u0430\u043d\u043e \u043e\u0434\" \/>\n\t<meta name=\"twitter:data1\" content=\"euromedik\" \/>\n\t<meta name=\"twitter:label2\" content=\"\u041f\u0440\u043e\u0446\u0435\u045a\u0435\u043d\u043e \u0432\u0440\u0435\u043c\u0435 \u0447\u0438\u0442\u0430\u045a\u0430\" \/>\n\t<meta name=\"twitter:data2\" content=\"2 \u043c\u0438\u043d\u0443\u0442\u0430\" \/>\n<script type=\"application\/ld+json\" class=\"yoast-schema-graph\">{\"@context\":\"https:\/\/schema.org\",\"@graph\":[{\"@type\":\"WebPage\",\"@id\":\"https:\/\/euromedic.rs\/pregledi\/specijalisticki-pregledi\/pedijatrija\/pedijatrija-aerozagadjenje-i-astma\/\",\"url\":\"https:\/\/euromedic.rs\/pregledi\/specijalisticki-pregledi\/pedijatrija\/pedijatrija-aerozagadjenje-i-astma\/\",\"name\":\"Pedijatrija - Aerozaga\u0111enje i astma - Dijagnostika i le\u010denje\",\"isPartOf\":{\"@id\":\"https:\/\/euromedic.rs\/pregledi\/#website\"},\"primaryImageOfPage\":{\"@id\":\"https:\/\/euromedic.rs\/pregledi\/specijalisticki-pregledi\/pedijatrija\/pedijatrija-aerozagadjenje-i-astma\/#primaryimage\"},\"image\":{\"@id\":\"https:\/\/euromedic.rs\/pregledi\/specijalisticki-pregledi\/pedijatrija\/pedijatrija-aerozagadjenje-i-astma\/#primaryimage\"},\"thumbnailUrl\":\"https:\/\/euromedic.rs\/pregledi\/wp-content\/uploads\/2020\/05\/Astma.jpg\",\"datePublished\":\"2020-05-13T11:28:13+00:00\",\"dateModified\":\"2020-10-07T09:49:25+00:00\",\"author\":{\"@id\":\"https:\/\/euromedic.rs\/pregledi\/#\/schema\/person\/f5c1c88c7fd9049309c5d203f7c9af5e\"},\"description\":\"Astma je naj\u010de\u0161\u0107a hroni\u010dna bolest de\u010djeg uzrasta i u stalnom je porastu. Brojni faktori rizika (aerozaga\u0111enje, duvanski dim, poleni, klima, virusne...\",\"breadcrumb\":{\"@id\":\"https:\/\/euromedic.rs\/pregledi\/specijalisticki-pregledi\/pedijatrija\/pedijatrija-aerozagadjenje-i-astma\/#breadcrumb\"},\"inLanguage\":\"sr-RS\",\"potentialAction\":[{\"@type\":\"ReadAction\",\"target\":[\"https:\/\/euromedic.rs\/pregledi\/specijalisticki-pregledi\/pedijatrija\/pedijatrija-aerozagadjenje-i-astma\/\"]}]},{\"@type\":\"ImageObject\",\"inLanguage\":\"sr-RS\",\"@id\":\"https:\/\/euromedic.rs\/pregledi\/specijalisticki-pregledi\/pedijatrija\/pedijatrija-aerozagadjenje-i-astma\/#primaryimage\",\"url\":\"https:\/\/euromedic.rs\/pregledi\/wp-content\/uploads\/2020\/05\/Astma.jpg\",\"contentUrl\":\"https:\/\/euromedic.rs\/pregledi\/wp-content\/uploads\/2020\/05\/Astma.jpg\",\"width\":626,\"height\":417},{\"@type\":\"BreadcrumbList\",\"@id\":\"https:\/\/euromedic.rs\/pregledi\/specijalisticki-pregledi\/pedijatrija\/pedijatrija-aerozagadjenje-i-astma\/#breadcrumb\",\"itemListElement\":[{\"@type\":\"ListItem\",\"position\":1,\"name\":\"Pregledi\",\"item\":\"https:\/\/euromedic.rs\/pregledi\/\"},{\"@type\":\"ListItem\",\"position\":2,\"name\":\"Specijalisti\u010dki pregledi\",\"item\":\"https:\/\/euromedic.rs\/pregledi\/specijalisticki-pregledi\/\"},{\"@type\":\"ListItem\",\"position\":3,\"name\":\"Pedijatrija\",\"item\":\"https:\/\/euromedic.rs\/pregledi\/specijalisticki-pregledi\/pedijatrija\/\"},{\"@type\":\"ListItem\",\"position\":4,\"name\":\"Pedijatrija \u2013 Aerozaga\u0111enje i astma\"}]},{\"@type\":\"WebSite\",\"@id\":\"https:\/\/euromedic.rs\/pregledi\/#website\",\"url\":\"https:\/\/euromedic.rs\/pregledi\/\",\"name\":\"Euromedik\",\"description\":\"Vi\u0161egradska, Slavija, Cviji\u0107eva, Novi Beograd, Zemun, Banovo Brdo, Vo\u017edovac. Kompletna dijagnostika. Najsavremenija oprema. Specijalisti\u010dki pregledi.\",\"potentialAction\":[{\"@type\":\"SearchAction\",\"target\":{\"@type\":\"EntryPoint\",\"urlTemplate\":\"https:\/\/euromedic.rs\/pregledi\/?s={search_term_string}\"},\"query-input\":\"required name=search_term_string\"}],\"inLanguage\":\"sr-RS\"},{\"@type\":\"Person\",\"@id\":\"https:\/\/euromedic.rs\/pregledi\/#\/schema\/person\/f5c1c88c7fd9049309c5d203f7c9af5e\",\"name\":\"euromedik\",\"image\":{\"@type\":\"ImageObject\",\"inLanguage\":\"sr-RS\",\"@id\":\"https:\/\/euromedic.rs\/pregledi\/#\/schema\/person\/image\/\",\"url\":\"https:\/\/secure.gravatar.com\/avatar\/f857e725366884936ef8843df671acda7fcecb839afb59b2dc707ceca488eccf?s=96&d=mm&r=g\",\"contentUrl\":\"https:\/\/secure.gravatar.com\/avatar\/f857e725366884936ef8843df671acda7fcecb839afb59b2dc707ceca488eccf?s=96&d=mm&r=g\",\"caption\":\"euromedik\"},\"url\":\"https:\/\/euromedic.rs\/pregledi\/author\/euromedik\/\"}]}<\/script>\n<!-- \/ Yoast SEO plugin. -->","yoast_head_json":{"title":"Pedijatrija - Aerozaga\u0111enje i astma - Dijagnostika i le\u010denje","description":"Astma je naj\u010de\u0161\u0107a hroni\u010dna bolest de\u010djeg uzrasta i u stalnom je porastu. Brojni faktori rizika (aerozaga\u0111enje, duvanski dim, poleni, klima, virusne...","robots":{"index":"index","follow":"follow","max-snippet":"max-snippet:-1","max-image-preview":"max-image-preview:large","max-video-preview":"max-video-preview:-1"},"canonical":"https:\/\/euromedic.rs\/pregledi\/specijalisticki-pregledi\/pedijatrija\/pedijatrija-aerozagadjenje-i-astma\/","og_locale":"sr_RS","og_type":"article","og_title":"Pedijatrija - Aerozaga\u0111enje i astma - Dijagnostika i le\u010denje","og_description":"Astma je naj\u010de\u0161\u0107a hroni\u010dna bolest de\u010djeg uzrasta i u stalnom je porastu. Brojni faktori rizika (aerozaga\u0111enje, duvanski dim, poleni, klima, virusne...","og_url":"https:\/\/euromedic.rs\/pregledi\/specijalisticki-pregledi\/pedijatrija\/pedijatrija-aerozagadjenje-i-astma\/","og_site_name":"Euromedik","article_published_time":"2020-05-13T11:28:13+00:00","article_modified_time":"2020-10-07T09:49:25+00:00","og_image":[{"width":626,"height":417,"url":"https:\/\/euromedic.rs\/pregledi\/wp-content\/uploads\/2020\/05\/Astma.jpg","type":"image\/jpeg"}],"author":"euromedik","twitter_card":"summary_large_image","twitter_misc":{"\u041d\u0430\u043f\u0438\u0441\u0430\u043d\u043e \u043e\u0434":"euromedik","\u041f\u0440\u043e\u0446\u0435\u045a\u0435\u043d\u043e \u0432\u0440\u0435\u043c\u0435 \u0447\u0438\u0442\u0430\u045a\u0430":"2 \u043c\u0438\u043d\u0443\u0442\u0430"},"schema":{"@context":"https:\/\/schema.org","@graph":[{"@type":"WebPage","@id":"https:\/\/euromedic.rs\/pregledi\/specijalisticki-pregledi\/pedijatrija\/pedijatrija-aerozagadjenje-i-astma\/","url":"https:\/\/euromedic.rs\/pregledi\/specijalisticki-pregledi\/pedijatrija\/pedijatrija-aerozagadjenje-i-astma\/","name":"Pedijatrija - Aerozaga\u0111enje i astma - Dijagnostika i le\u010denje","isPartOf":{"@id":"https:\/\/euromedic.rs\/pregledi\/#website"},"primaryImageOfPage":{"@id":"https:\/\/euromedic.rs\/pregledi\/specijalisticki-pregledi\/pedijatrija\/pedijatrija-aerozagadjenje-i-astma\/#primaryimage"},"image":{"@id":"https:\/\/euromedic.rs\/pregledi\/specijalisticki-pregledi\/pedijatrija\/pedijatrija-aerozagadjenje-i-astma\/#primaryimage"},"thumbnailUrl":"https:\/\/euromedic.rs\/pregledi\/wp-content\/uploads\/2020\/05\/Astma.jpg","datePublished":"2020-05-13T11:28:13+00:00","dateModified":"2020-10-07T09:49:25+00:00","author":{"@id":"https:\/\/euromedic.rs\/pregledi\/#\/schema\/person\/f5c1c88c7fd9049309c5d203f7c9af5e"},"description":"Astma je naj\u010de\u0161\u0107a hroni\u010dna bolest de\u010djeg uzrasta i u stalnom je porastu. Brojni faktori rizika (aerozaga\u0111enje, duvanski dim, poleni, klima, virusne...","breadcrumb":{"@id":"https:\/\/euromedic.rs\/pregledi\/specijalisticki-pregledi\/pedijatrija\/pedijatrija-aerozagadjenje-i-astma\/#breadcrumb"},"inLanguage":"sr-RS","potentialAction":[{"@type":"ReadAction","target":["https:\/\/euromedic.rs\/pregledi\/specijalisticki-pregledi\/pedijatrija\/pedijatrija-aerozagadjenje-i-astma\/"]}]},{"@type":"ImageObject","inLanguage":"sr-RS","@id":"https:\/\/euromedic.rs\/pregledi\/specijalisticki-pregledi\/pedijatrija\/pedijatrija-aerozagadjenje-i-astma\/#primaryimage","url":"https:\/\/euromedic.rs\/pregledi\/wp-content\/uploads\/2020\/05\/Astma.jpg","contentUrl":"https:\/\/euromedic.rs\/pregledi\/wp-content\/uploads\/2020\/05\/Astma.jpg","width":626,"height":417},{"@type":"BreadcrumbList","@id":"https:\/\/euromedic.rs\/pregledi\/specijalisticki-pregledi\/pedijatrija\/pedijatrija-aerozagadjenje-i-astma\/#breadcrumb","itemListElement":[{"@type":"ListItem","position":1,"name":"Pregledi","item":"https:\/\/euromedic.rs\/pregledi\/"},{"@type":"ListItem","position":2,"name":"Specijalisti\u010dki pregledi","item":"https:\/\/euromedic.rs\/pregledi\/specijalisticki-pregledi\/"},{"@type":"ListItem","position":3,"name":"Pedijatrija","item":"https:\/\/euromedic.rs\/pregledi\/specijalisticki-pregledi\/pedijatrija\/"},{"@type":"ListItem","position":4,"name":"Pedijatrija \u2013 Aerozaga\u0111enje i astma"}]},{"@type":"WebSite","@id":"https:\/\/euromedic.rs\/pregledi\/#website","url":"https:\/\/euromedic.rs\/pregledi\/","name":"Euromedik","description":"Vi\u0161egradska, Slavija, Cviji\u0107eva, Novi Beograd, Zemun, Banovo Brdo, Vo\u017edovac. Kompletna dijagnostika. Najsavremenija oprema. Specijalisti\u010dki pregledi.","potentialAction":[{"@type":"SearchAction","target":{"@type":"EntryPoint","urlTemplate":"https:\/\/euromedic.rs\/pregledi\/?s={search_term_string}"},"query-input":"required name=search_term_string"}],"inLanguage":"sr-RS"},{"@type":"Person","@id":"https:\/\/euromedic.rs\/pregledi\/#\/schema\/person\/f5c1c88c7fd9049309c5d203f7c9af5e","name":"euromedik","image":{"@type":"ImageObject","inLanguage":"sr-RS","@id":"https:\/\/euromedic.rs\/pregledi\/#\/schema\/person\/image\/","url":"https:\/\/secure.gravatar.com\/avatar\/f857e725366884936ef8843df671acda7fcecb839afb59b2dc707ceca488eccf?s=96&d=mm&r=g","contentUrl":"https:\/\/secure.gravatar.com\/avatar\/f857e725366884936ef8843df671acda7fcecb839afb59b2dc707ceca488eccf?s=96&d=mm&r=g","caption":"euromedik"},"url":"https:\/\/euromedic.rs\/pregledi\/author\/euromedik\/"}]}},"_links":{"self":[{"href":"https:\/\/euromedic.rs\/pregledi\/wp-json\/wp\/v2\/posts\/6084","targetHints":{"allow":["GET"]}}],"collection":[{"href":"https:\/\/euromedic.rs\/pregledi\/wp-json\/wp\/v2\/posts"}],"about":[{"href":"https:\/\/euromedic.rs\/pregledi\/wp-json\/wp\/v2\/types\/post"}],"author":[{"embeddable":true,"href":"https:\/\/euromedic.rs\/pregledi\/wp-json\/wp\/v2\/users\/1"}],"replies":[{"embeddable":true,"href":"https:\/\/euromedic.rs\/pregledi\/wp-json\/wp\/v2\/comments?post=6084"}],"version-history":[{"count":2,"href":"https:\/\/euromedic.rs\/pregledi\/wp-json\/wp\/v2\/posts\/6084\/revisions"}],"predecessor-version":[{"id":6087,"href":"https:\/\/euromedic.rs\/pregledi\/wp-json\/wp\/v2\/posts\/6084\/revisions\/6087"}],"wp:featuredmedia":[{"embeddable":true,"href":"https:\/\/euromedic.rs\/pregledi\/wp-json\/wp\/v2\/media\/6086"}],"wp:attachment":[{"href":"https:\/\/euromedic.rs\/pregledi\/wp-json\/wp\/v2\/media?parent=6084"}],"wp:term":[{"taxonomy":"category","embeddable":true,"href":"https:\/\/euromedic.rs\/pregledi\/wp-json\/wp\/v2\/categories?post=6084"},{"taxonomy":"post_tag","embeddable":true,"href":"https:\/\/euromedic.rs\/pregledi\/wp-json\/wp\/v2\/tags?post=6084"}],"curies":[{"name":"wp","href":"https:\/\/api.w.org\/{rel}","templated":true}]}}