{"id":5583,"date":"2022-07-10T13:53:49","date_gmt":"2022-07-10T12:53:49","guid":{"rendered":"https:\/\/euromedic.rs\/pregledi\/otorinolaringologija-vrtoglavica-copy\/"},"modified":"2022-08-17T12:54:13","modified_gmt":"2022-08-17T11:54:13","slug":"otorinolaringologija-paraliza-facijalnog-nerva","status":"publish","type":"post","link":"https:\/\/euromedic.rs\/pregledi\/specijalisticki-pregledi\/otorinolaringologija-orl\/otorinolaringologija-paraliza-facijalnog-nerva\/","title":{"rendered":"Otorinolaringologija &#8211; Paraliza facijalnog nerva"},"content":{"rendered":"<p><strong>\u0160ta je facijalni nerv?<\/strong><\/p>\n<p><span style=\"font-weight: 400;\">To je sedmi kranijalni nerv \u010dija je primarna funkcija inervacija mi\u0161i\u0107a lica. Osim toga, ovaj nerv je odgovoran za zatezanje lanca slusnih ko\u0161\u010dica (\u010dime smanjuje preno\u0161enje jakih zvukova na unutra\u0161nje uvo), stvaranje suza, lu\u010denje pljuva\u010dke i do\u017eivljaj ukusa na prednje dve tre\u0107ine jezika. Put \u017eivaca ima tri dela: deo unutar lobanje (endokranijalni), deo unutar slepo\u010dne kosti (intratemporalni) i deo na licu i vratu (ekstratemporalni).<\/span><\/p>\n<p><strong>Kako se klini\u010dki ispoljava o\u0161te\u0107enje li\u010dnog \u017eivca?<\/strong><\/p>\n<p><span style=\"font-weight: 400;\">O\u0161te\u0107enje facijalnog nerva moze nastati na bilo kom delu njegovog puta, od \u010dega zavisi klini\u010dka slika. Naj\u010de\u0161\u0107e se ispoljava delimi\u010dnom ili potpunom slabo\u0161\u0107u mi\u0161i\u0107a jedne strane lica. Ako je o\u0161te\u0107en intrakranijalni deo, imamo sliku centralne paralize, a ako je o\u0161te\u0107en ekstrakranijalni deo, sliku periferne paralize facijalnog nerva. Prvim tipom o\u0161te\u0107enja se bave neurolozi, a drugim neurolozi i ORL specijalisti.<\/span><\/p>\n<p><strong>Kakva je klini\u010dka slika periferne paralize facijalnog nerva?\u00a0<\/strong><\/p>\n<p><span style=\"font-weight: 400;\">Asimetrija cele polovine lica (pacijent ne mo\u017ee nabrati polovinu cela, ne mo\u017ee zatvoriti kapak i ima spu\u0161ten\u00a0 u\u0161ni ugao na toj strani),\u00a0 suvo\u0107a i pe\u010denje oka ili suzenje na toj strani, suvo\u0107a usta, izmenjen ukus i ote\u017eano \u017evakanje (naro\u010dito uzimanje te\u010dnosti, koja curi kroz spusten ugao usana), nekada i sum ili glasno\u0107a u uvu (hiperakuzija).<\/span><\/p>\n<p><strong>Koji su naj\u010de\u0161\u0107i uzroci periferne paralize facijalnog nerva?\u00a0<\/strong><\/p>\n<p><span style=\"font-weight: 400;\">Naj\u010de\u0161\u0107i uzrok su virusi (naj\u010de\u0161\u0107e Herpes simplex i Herpes zoster), zatim bakterije, povrede, tumor i neka druga oboljenja (\u0161e\u0107erna bolest, hipertenzija, neurolo\u0161ke i autoimmune bolesti\u2026.) Naj\u010de\u0161\u0107a forma periferne paralize facijalisa je Bellova paraliza, ciji je uzrok nepoznat, a prognoza oporovka uglavnom dobra<\/span><\/p>\n<p><strong>Koja su to ORL oboljenja, koja mogu dovesti do periferne paralize facijalnog nerva?<\/strong><\/p>\n<p><span style=\"font-weight: 400;\">Akutno zapaljenje srednjeg uva, zbog prodora toksi\u010dnih materija ili infekcije, u sam \u017eivac. Le\u010di se visokim dozama antibiotika i eventualnim otvaranjem bubne opne radi drena\u017ee sekreta, sa ugradnjom cev\u010dice ili bez nje. Hroni\u010dna zapaljenja srednjeg uva, kada je paraliza licnog \u017eivca komplikacija i zahtijeva hirur\u0161ko le\u010denje. Povrede glave mogu dati paralizu ovog nerva (naj\u010de\u0161\u0107e povrede baze lobanje). Ukoliko je paraliza potpuna i\u00a0 javi se odmah nakon povrede, ukazuje na direktno o\u0161te\u0107enje \u017eivca i zahteva hirur\u0161ko le\u010denje, \u0161to je mogu\u0107e pre. Ukoliko se paraliza razvija postepeno, par dana nakon povrede, poslednica je pritiska prelomljenom kosti, ugru\u0161kom ili otoka \u017eivca. Tumori (karcinom srednjeg uva, glomus tumor, tumor PCU, kao i tumori zausne pljuva\u010dne \u017elezde)\u00a0<\/span><\/p>\n<p><strong>Kako se dijagnostikuje peeriferna\u00a0 paraliza facijalnog nerva?<\/strong><\/p>\n<p><span style=\"font-weight: 400;\">Dijagnoza se postavlja detaljnim ORL pregledom (sa audioloskim ispitivanjem sluha, akusticnih refleksa i perifernog centra zaravnoteze) i neuroloskim pregledom, kako bi se utvrdio uzrok i mesto nastanka o\u0161te\u0107enja \u017eivca. Nekada je potreban i konsultativni radiolo\u0161ki pregled (skener temporalne kosti ili glave, magnetna rezonanca glave ili PCU, ultrazvuk parotidnih zlezda) i oftalmolo\u0161ki pregled (zbog mogu\u0107ih promena na ro\u017enja\u010di, usled nemogu\u0107nosti zatvranja oka). Ukoliko je paraliza uzrokovana nekim drugim oboljenjem, potrebno je konsultovati specijalistu koji se tim oboljenjem bavi.<\/span><\/p>\n<p><strong>Kako se le\u010di periferna paraliza licnog \u017eivca?<\/strong><\/p>\n<p><span style=\"font-weight: 400;\">Terapija se sprovodi u skladu sa uzrokom koji je doveo do promene, a moze biti konzervativna &#8211; lekovima (kortikosteroidi, betahistini, vitamini, antivirusni lekovi, antibiotici), ili hirur\u0161ka intervencija (ukoliko to primarni uzrok zahteva, ili ne dodje do oporavka dva &#8211; tri meseca nakon sprovedene konzervativne terapije). Potrebno je \u0161to pre krenuti i sa fizikalnom terapijom, koja zna\u010dajno ubrzava oporavak.<\/span><\/p>\n<p><strong>Za\u0161to uraditi ovaj pregled u Euromediku?<\/strong><\/p>\n<p><span style=\"font-weight: 400;\">Obzirom da periferna paraliza licnog \u017eivca mo\u017ee da bude uzrokovana brojnim faktorima, \u010desto bude potrebna koordinirana aktivnost lekara vi\u0161e specijalnosti (<a href=\"https:\/\/euromedic.rs\/usluga\/specijalisticki-pregled-otorinolaringologa\/\">ORL specijaliste<\/a>, neurologa, oftalmogola, radiologa i fizijatra), \u0161to u na\u0161oj ustanovi mo\u017eete dobiti u najkra\u0107em vremenskom period, sa iskusnim timom lekara i primenom adekvatnih dijagnosti\u010dkih i terapijskih ure\u0111aja.<\/span><\/p>\n<p>&nbsp;<\/p>\n","protected":false},"excerpt":{"rendered":"<p>\u0160ta je facijalni nerv? To je sedmi kranijalni nerv \u010dija je primarna funkcija inervacija mi\u0161i\u0107a&#8230;<\/p>\n","protected":false},"author":1,"featured_media":5585,"comment_status":"closed","ping_status":"closed","sticky":false,"template":"","format":"standard","meta":{"inline_featured_image":false,"footnotes":""},"categories":[510],"tags":[176,167,168,177],"class_list":["post-5583","post","type-post","status-publish","format-standard","has-post-thumbnail","hentry","category-otorinolaringologija-orl","tag-facijalni-nerv","tag-orl","tag-otorinolaringologija","tag-paraliza"],"yoast_head":"<!-- This site is optimized with the Yoast SEO plugin v23.2 - https:\/\/yoast.com\/wordpress\/plugins\/seo\/ -->\n<title>Otorinolaringologija - Paraliza facijalnog nerva - Dijagnostika i le\u010denje<\/title>\n<meta name=\"description\" content=\"O\u0161te\u0107enje facijalnog nerva moze nastati na bilo kom delu njegovog puta, od \u010dega zavisi klini\u010dka slika. Naj\u010de\u0161\u0107e se ispoljava delimi\u010dnom ili potpunom...\" \/>\n<meta name=\"robots\" content=\"index, follow, max-snippet:-1, max-image-preview:large, max-video-preview:-1\" \/>\n<link rel=\"canonical\" href=\"https:\/\/euromedic.rs\/pregledi\/specijalisticki-pregledi\/otorinolaringologija-orl\/otorinolaringologija-paraliza-facijalnog-nerva\/\" \/>\n<meta property=\"og:locale\" content=\"sr_RS\" \/>\n<meta property=\"og:type\" content=\"article\" \/>\n<meta property=\"og:title\" content=\"Otorinolaringologija - Paraliza facijalnog nerva - Dijagnostika i le\u010denje\" \/>\n<meta property=\"og:description\" content=\"O\u0161te\u0107enje facijalnog nerva moze nastati na bilo kom delu njegovog puta, od \u010dega zavisi klini\u010dka slika. Naj\u010de\u0161\u0107e se ispoljava delimi\u010dnom ili potpunom...\" \/>\n<meta property=\"og:url\" content=\"https:\/\/euromedic.rs\/pregledi\/specijalisticki-pregledi\/otorinolaringologija-orl\/otorinolaringologija-paraliza-facijalnog-nerva\/\" \/>\n<meta property=\"og:site_name\" content=\"Euromedik\" \/>\n<meta property=\"article:published_time\" content=\"2022-07-10T12:53:49+00:00\" \/>\n<meta property=\"article:modified_time\" content=\"2022-08-17T11:54:13+00:00\" \/>\n<meta property=\"og:image\" content=\"https:\/\/euromedic.rs\/pregledi\/wp-content\/uploads\/2020\/05\/nERV.jpg\" \/>\n\t<meta property=\"og:image:width\" content=\"620\" \/>\n\t<meta property=\"og:image:height\" content=\"413\" \/>\n\t<meta property=\"og:image:type\" content=\"image\/jpeg\" \/>\n<meta name=\"author\" content=\"euromedik\" \/>\n<meta name=\"twitter:card\" content=\"summary_large_image\" \/>\n<meta name=\"twitter:label1\" content=\"Napisano od\" \/>\n\t<meta name=\"twitter:data1\" content=\"euromedik\" \/>\n\t<meta name=\"twitter:label2\" content=\"Procenjeno vreme \u010ditanja\" \/>\n\t<meta name=\"twitter:data2\" content=\"3 minuta\" \/>\n<script type=\"application\/ld+json\" class=\"yoast-schema-graph\">{\"@context\":\"https:\/\/schema.org\",\"@graph\":[{\"@type\":\"WebPage\",\"@id\":\"https:\/\/euromedic.rs\/pregledi\/specijalisticki-pregledi\/otorinolaringologija-orl\/otorinolaringologija-paraliza-facijalnog-nerva\/\",\"url\":\"https:\/\/euromedic.rs\/pregledi\/specijalisticki-pregledi\/otorinolaringologija-orl\/otorinolaringologija-paraliza-facijalnog-nerva\/\",\"name\":\"Otorinolaringologija - Paraliza facijalnog nerva - Dijagnostika i le\u010denje\",\"isPartOf\":{\"@id\":\"https:\/\/euromedic.rs\/pregledi\/#website\"},\"primaryImageOfPage\":{\"@id\":\"https:\/\/euromedic.rs\/pregledi\/specijalisticki-pregledi\/otorinolaringologija-orl\/otorinolaringologija-paraliza-facijalnog-nerva\/#primaryimage\"},\"image\":{\"@id\":\"https:\/\/euromedic.rs\/pregledi\/specijalisticki-pregledi\/otorinolaringologija-orl\/otorinolaringologija-paraliza-facijalnog-nerva\/#primaryimage\"},\"thumbnailUrl\":\"https:\/\/euromedic.rs\/pregledi\/wp-content\/uploads\/2020\/05\/nERV.jpg\",\"datePublished\":\"2022-07-10T12:53:49+00:00\",\"dateModified\":\"2022-08-17T11:54:13+00:00\",\"author\":{\"@id\":\"https:\/\/euromedic.rs\/pregledi\/#\/schema\/person\/f5c1c88c7fd9049309c5d203f7c9af5e\"},\"description\":\"O\u0161te\u0107enje facijalnog nerva moze nastati na bilo kom delu njegovog puta, od \u010dega zavisi klini\u010dka slika. Naj\u010de\u0161\u0107e se ispoljava delimi\u010dnom ili potpunom...\",\"breadcrumb\":{\"@id\":\"https:\/\/euromedic.rs\/pregledi\/specijalisticki-pregledi\/otorinolaringologija-orl\/otorinolaringologija-paraliza-facijalnog-nerva\/#breadcrumb\"},\"inLanguage\":\"sr-RS\",\"potentialAction\":[{\"@type\":\"ReadAction\",\"target\":[\"https:\/\/euromedic.rs\/pregledi\/specijalisticki-pregledi\/otorinolaringologija-orl\/otorinolaringologija-paraliza-facijalnog-nerva\/\"]}]},{\"@type\":\"ImageObject\",\"inLanguage\":\"sr-RS\",\"@id\":\"https:\/\/euromedic.rs\/pregledi\/specijalisticki-pregledi\/otorinolaringologija-orl\/otorinolaringologija-paraliza-facijalnog-nerva\/#primaryimage\",\"url\":\"https:\/\/euromedic.rs\/pregledi\/wp-content\/uploads\/2020\/05\/nERV.jpg\",\"contentUrl\":\"https:\/\/euromedic.rs\/pregledi\/wp-content\/uploads\/2020\/05\/nERV.jpg\",\"width\":620,\"height\":413},{\"@type\":\"BreadcrumbList\",\"@id\":\"https:\/\/euromedic.rs\/pregledi\/specijalisticki-pregledi\/otorinolaringologija-orl\/otorinolaringologija-paraliza-facijalnog-nerva\/#breadcrumb\",\"itemListElement\":[{\"@type\":\"ListItem\",\"position\":1,\"name\":\"Pregledi\",\"item\":\"https:\/\/euromedic.rs\/pregledi\/\"},{\"@type\":\"ListItem\",\"position\":2,\"name\":\"Specijalisti\u010dki pregledi\",\"item\":\"https:\/\/euromedic.rs\/pregledi\/specijalisticki-pregledi\/\"},{\"@type\":\"ListItem\",\"position\":3,\"name\":\"Otorinolaringologija (ORL)\",\"item\":\"https:\/\/euromedic.rs\/pregledi\/specijalisticki-pregledi\/otorinolaringologija-orl\/\"},{\"@type\":\"ListItem\",\"position\":4,\"name\":\"Otorinolaringologija \u2013 Paraliza facijalnog nerva\"}]},{\"@type\":\"WebSite\",\"@id\":\"https:\/\/euromedic.rs\/pregledi\/#website\",\"url\":\"https:\/\/euromedic.rs\/pregledi\/\",\"name\":\"Euromedik\",\"description\":\"Vi\u0161egradska, Slavija, Cviji\u0107eva, Novi Beograd, Zemun, Banovo Brdo, Vo\u017edovac. Kompletna dijagnostika. Najsavremenija oprema. Specijalisti\u010dki pregledi.\",\"potentialAction\":[{\"@type\":\"SearchAction\",\"target\":{\"@type\":\"EntryPoint\",\"urlTemplate\":\"https:\/\/euromedic.rs\/pregledi\/?s={search_term_string}\"},\"query-input\":\"required name=search_term_string\"}],\"inLanguage\":\"sr-RS\"},{\"@type\":\"Person\",\"@id\":\"https:\/\/euromedic.rs\/pregledi\/#\/schema\/person\/f5c1c88c7fd9049309c5d203f7c9af5e\",\"name\":\"euromedik\",\"image\":{\"@type\":\"ImageObject\",\"inLanguage\":\"sr-RS\",\"@id\":\"https:\/\/euromedic.rs\/pregledi\/#\/schema\/person\/image\/\",\"url\":\"https:\/\/secure.gravatar.com\/avatar\/f857e725366884936ef8843df671acda7fcecb839afb59b2dc707ceca488eccf?s=96&d=mm&r=g\",\"contentUrl\":\"https:\/\/secure.gravatar.com\/avatar\/f857e725366884936ef8843df671acda7fcecb839afb59b2dc707ceca488eccf?s=96&d=mm&r=g\",\"caption\":\"euromedik\"},\"url\":\"https:\/\/euromedic.rs\/pregledi\/author\/euromedik\/\"}]}<\/script>\n<!-- \/ Yoast SEO plugin. -->","yoast_head_json":{"title":"Otorinolaringologija - Paraliza facijalnog nerva - Dijagnostika i le\u010denje","description":"O\u0161te\u0107enje facijalnog nerva moze nastati na bilo kom delu njegovog puta, od \u010dega zavisi klini\u010dka slika. Naj\u010de\u0161\u0107e se ispoljava delimi\u010dnom ili potpunom...","robots":{"index":"index","follow":"follow","max-snippet":"max-snippet:-1","max-image-preview":"max-image-preview:large","max-video-preview":"max-video-preview:-1"},"canonical":"https:\/\/euromedic.rs\/pregledi\/specijalisticki-pregledi\/otorinolaringologija-orl\/otorinolaringologija-paraliza-facijalnog-nerva\/","og_locale":"sr_RS","og_type":"article","og_title":"Otorinolaringologija - Paraliza facijalnog nerva - Dijagnostika i le\u010denje","og_description":"O\u0161te\u0107enje facijalnog nerva moze nastati na bilo kom delu njegovog puta, od \u010dega zavisi klini\u010dka slika. Naj\u010de\u0161\u0107e se ispoljava delimi\u010dnom ili potpunom...","og_url":"https:\/\/euromedic.rs\/pregledi\/specijalisticki-pregledi\/otorinolaringologija-orl\/otorinolaringologija-paraliza-facijalnog-nerva\/","og_site_name":"Euromedik","article_published_time":"2022-07-10T12:53:49+00:00","article_modified_time":"2022-08-17T11:54:13+00:00","og_image":[{"width":620,"height":413,"url":"https:\/\/euromedic.rs\/pregledi\/wp-content\/uploads\/2020\/05\/nERV.jpg","type":"image\/jpeg"}],"author":"euromedik","twitter_card":"summary_large_image","twitter_misc":{"Napisano od":"euromedik","Procenjeno vreme \u010ditanja":"3 minuta"},"schema":{"@context":"https:\/\/schema.org","@graph":[{"@type":"WebPage","@id":"https:\/\/euromedic.rs\/pregledi\/specijalisticki-pregledi\/otorinolaringologija-orl\/otorinolaringologija-paraliza-facijalnog-nerva\/","url":"https:\/\/euromedic.rs\/pregledi\/specijalisticki-pregledi\/otorinolaringologija-orl\/otorinolaringologija-paraliza-facijalnog-nerva\/","name":"Otorinolaringologija - Paraliza facijalnog nerva - Dijagnostika i le\u010denje","isPartOf":{"@id":"https:\/\/euromedic.rs\/pregledi\/#website"},"primaryImageOfPage":{"@id":"https:\/\/euromedic.rs\/pregledi\/specijalisticki-pregledi\/otorinolaringologija-orl\/otorinolaringologija-paraliza-facijalnog-nerva\/#primaryimage"},"image":{"@id":"https:\/\/euromedic.rs\/pregledi\/specijalisticki-pregledi\/otorinolaringologija-orl\/otorinolaringologija-paraliza-facijalnog-nerva\/#primaryimage"},"thumbnailUrl":"https:\/\/euromedic.rs\/pregledi\/wp-content\/uploads\/2020\/05\/nERV.jpg","datePublished":"2022-07-10T12:53:49+00:00","dateModified":"2022-08-17T11:54:13+00:00","author":{"@id":"https:\/\/euromedic.rs\/pregledi\/#\/schema\/person\/f5c1c88c7fd9049309c5d203f7c9af5e"},"description":"O\u0161te\u0107enje facijalnog nerva moze nastati na bilo kom delu njegovog puta, od \u010dega zavisi klini\u010dka slika. Naj\u010de\u0161\u0107e se ispoljava delimi\u010dnom ili potpunom...","breadcrumb":{"@id":"https:\/\/euromedic.rs\/pregledi\/specijalisticki-pregledi\/otorinolaringologija-orl\/otorinolaringologija-paraliza-facijalnog-nerva\/#breadcrumb"},"inLanguage":"sr-RS","potentialAction":[{"@type":"ReadAction","target":["https:\/\/euromedic.rs\/pregledi\/specijalisticki-pregledi\/otorinolaringologija-orl\/otorinolaringologija-paraliza-facijalnog-nerva\/"]}]},{"@type":"ImageObject","inLanguage":"sr-RS","@id":"https:\/\/euromedic.rs\/pregledi\/specijalisticki-pregledi\/otorinolaringologija-orl\/otorinolaringologija-paraliza-facijalnog-nerva\/#primaryimage","url":"https:\/\/euromedic.rs\/pregledi\/wp-content\/uploads\/2020\/05\/nERV.jpg","contentUrl":"https:\/\/euromedic.rs\/pregledi\/wp-content\/uploads\/2020\/05\/nERV.jpg","width":620,"height":413},{"@type":"BreadcrumbList","@id":"https:\/\/euromedic.rs\/pregledi\/specijalisticki-pregledi\/otorinolaringologija-orl\/otorinolaringologija-paraliza-facijalnog-nerva\/#breadcrumb","itemListElement":[{"@type":"ListItem","position":1,"name":"Pregledi","item":"https:\/\/euromedic.rs\/pregledi\/"},{"@type":"ListItem","position":2,"name":"Specijalisti\u010dki pregledi","item":"https:\/\/euromedic.rs\/pregledi\/specijalisticki-pregledi\/"},{"@type":"ListItem","position":3,"name":"Otorinolaringologija (ORL)","item":"https:\/\/euromedic.rs\/pregledi\/specijalisticki-pregledi\/otorinolaringologija-orl\/"},{"@type":"ListItem","position":4,"name":"Otorinolaringologija \u2013 Paraliza facijalnog nerva"}]},{"@type":"WebSite","@id":"https:\/\/euromedic.rs\/pregledi\/#website","url":"https:\/\/euromedic.rs\/pregledi\/","name":"Euromedik","description":"Vi\u0161egradska, Slavija, Cviji\u0107eva, Novi Beograd, Zemun, Banovo Brdo, Vo\u017edovac. Kompletna dijagnostika. Najsavremenija oprema. Specijalisti\u010dki pregledi.","potentialAction":[{"@type":"SearchAction","target":{"@type":"EntryPoint","urlTemplate":"https:\/\/euromedic.rs\/pregledi\/?s={search_term_string}"},"query-input":"required name=search_term_string"}],"inLanguage":"sr-RS"},{"@type":"Person","@id":"https:\/\/euromedic.rs\/pregledi\/#\/schema\/person\/f5c1c88c7fd9049309c5d203f7c9af5e","name":"euromedik","image":{"@type":"ImageObject","inLanguage":"sr-RS","@id":"https:\/\/euromedic.rs\/pregledi\/#\/schema\/person\/image\/","url":"https:\/\/secure.gravatar.com\/avatar\/f857e725366884936ef8843df671acda7fcecb839afb59b2dc707ceca488eccf?s=96&d=mm&r=g","contentUrl":"https:\/\/secure.gravatar.com\/avatar\/f857e725366884936ef8843df671acda7fcecb839afb59b2dc707ceca488eccf?s=96&d=mm&r=g","caption":"euromedik"},"url":"https:\/\/euromedic.rs\/pregledi\/author\/euromedik\/"}]}},"_links":{"self":[{"href":"https:\/\/euromedic.rs\/pregledi\/wp-json\/wp\/v2\/posts\/5583","targetHints":{"allow":["GET"]}}],"collection":[{"href":"https:\/\/euromedic.rs\/pregledi\/wp-json\/wp\/v2\/posts"}],"about":[{"href":"https:\/\/euromedic.rs\/pregledi\/wp-json\/wp\/v2\/types\/post"}],"author":[{"embeddable":true,"href":"https:\/\/euromedic.rs\/pregledi\/wp-json\/wp\/v2\/users\/1"}],"replies":[{"embeddable":true,"href":"https:\/\/euromedic.rs\/pregledi\/wp-json\/wp\/v2\/comments?post=5583"}],"version-history":[{"count":2,"href":"https:\/\/euromedic.rs\/pregledi\/wp-json\/wp\/v2\/posts\/5583\/revisions"}],"predecessor-version":[{"id":5586,"href":"https:\/\/euromedic.rs\/pregledi\/wp-json\/wp\/v2\/posts\/5583\/revisions\/5586"}],"wp:featuredmedia":[{"embeddable":true,"href":"https:\/\/euromedic.rs\/pregledi\/wp-json\/wp\/v2\/media\/5585"}],"wp:attachment":[{"href":"https:\/\/euromedic.rs\/pregledi\/wp-json\/wp\/v2\/media?parent=5583"}],"wp:term":[{"taxonomy":"category","embeddable":true,"href":"https:\/\/euromedic.rs\/pregledi\/wp-json\/wp\/v2\/categories?post=5583"},{"taxonomy":"post_tag","embeddable":true,"href":"https:\/\/euromedic.rs\/pregledi\/wp-json\/wp\/v2\/tags?post=5583"}],"curies":[{"name":"wp","href":"https:\/\/api.w.org\/{rel}","templated":true}]}}